[{"@context":"https:\/\/schema.org\/","@type":"Article","@id":"https:\/\/www.cyclura.cz\/aby-se-vam-vzdy-dobre-spalo\/#Article","mainEntityOfPage":"https:\/\/www.cyclura.cz\/aby-se-vam-vzdy-dobre-spalo\/","headline":"Aby se V\u00e1m v\u017edy dob\u0159e spalo","name":"Aby se V\u00e1m v\u017edy dob\u0159e spalo","description":"Snad ka\u017ed\u00fd \u010dlov\u011bk moc dob\u0159e v\u00ed, \u017ee odpo\u010dinek je n\u011b\u010d\u00edm opravdu d\u016fle\u017eit\u00fdm, a proto by rozhodn\u011b nem\u011bl b\u00fdt podce\u0148ov\u00e1n. Pro to, aby se V\u00e1m spalo dob\u0159e, je ov\u0161em pot\u0159eba n\u011bkolik v\u011bc\u00ed, na kter\u00e9 byste&#46;&#46;&#46;","datePublished":"2016-10-11","dateModified":"2023-05-05","author":{"@type":"Person","@id":"https:\/\/www.cyclura.cz\/author\/#Person","name":"cyclura.cz\n","url":"https:\/\/www.cyclura.cz\/author\/","identifier":1,"image":{"@type":"ImageObject","@id":"https:\/\/secure.gravatar.com\/avatar\/8e6cbe5510d042e6a0b15162e198f2fd22eed76a4b5a1734d2174c652daccabc?s=96&d=mm&r=g","url":"https:\/\/secure.gravatar.com\/avatar\/8e6cbe5510d042e6a0b15162e198f2fd22eed76a4b5a1734d2174c652daccabc?s=96&d=mm&r=g","height":96,"width":96}},"publisher":{"@type":"Organization","name":"cyclura.cz","logo":{"@type":"ImageObject","@id":"\/logo.png","url":"\/logo.png","width":600,"height":60}},"image":{"@type":"ImageObject","@id":"https:\/\/cyclura.cz\/wp-content\/uploads\/img_a296905_w2324_t1507709787.jpg","url":"https:\/\/cyclura.cz\/wp-content\/uploads\/img_a296905_w2324_t1507709787.jpg","height":"","width":""},"url":"https:\/\/www.cyclura.cz\/aby-se-vam-vzdy-dobre-spalo\/","about":["Neza\u0159azen\u00e9"],"wordCount":380,"articleBody":"Snad ka\u017ed\u00fd \u010dlov\u011bk moc dob\u0159e v\u00ed, \u017ee odpo\u010dinek je n\u011b\u010d\u00edm opravdu d\u016fle\u017eit\u00fdm, a proto by rozhodn\u011b nem\u011bl b\u00fdt podce\u0148ov\u00e1n. Pro to, aby se V\u00e1m spalo dob\u0159e, je ov\u0161em pot\u0159eba n\u011bkolik v\u011bc\u00ed, na kter\u00e9 byste nem\u011bli zapom\u00ednat. Vzhledem k tomu, \u017ee v\u011bt\u0161ina z n\u00e1s sp\u00ed v lo\u017enici, bychom m\u011bli myslet na to, \u017ee by tato m\u00edstnost m\u011bla b\u00fdt dob\u0159e vybaven\u00e1, a m\u011bla by n\u00e1m v\u017edy poskytovat dobr\u00e9 prost\u0159ed\u00ed pro sp\u00e1nek a odpo\u010dinek. Ned\u00edlnou sou\u010d\u00e1st\u00ed takov\u00e9 lo\u017enice je samoz\u0159ejm\u011b postel. Tento kus n\u00e1bytku bychom m\u011bli vyb\u00edrat podle toho, jak\u00e9 jsou na\u0161e p\u0159edstavy a co se n\u00e1m l\u00edb\u00ed. Je dobr\u00e9, aby vybran\u00e1 postel ladila s celkov\u00fdm stylem lo\u017enice a v\u0161echno vypadalo tak, abyste s t\u00edm byli spokojeni. A na co dal\u0161\u00edho byste si je\u0161t\u011b m\u011bli d\u00e1vat pozor?&#13; &#13; &#13; &#13; Vzhled nen\u00ed v\u0161echno&#13; Je jasn\u00e9, \u017ee to, jak postel vypad\u00e1, rozhodn\u011b nen\u00ed v\u0161echno, a proto je dobr\u00e9 zkombinovat svoje p\u0159edstavy o vzhledu tak\u00e9 s t\u00edm, aby n\u00e1m v\u0161e vyhovovalo tak\u00e9 po praktick\u00e9 str\u00e1nce. Vy\u0159e\u0161it n\u011bco takov\u00e9ho nemus\u00ed b\u00fdt n\u00e1ro\u010dn\u00e9, ve skute\u010dnosti toti\u017e sta\u010d\u00ed vyu\u017e\u00edt toho, co tu pro V\u00e1s je. Nab\u00eddka postel\u00ed  je natolik \u0161irok\u00e1, \u017ee v n\u00ed ka\u017ed\u00fd objev\u00ed to, co by mohl pot\u0159ebovat.&#13; &#13; Postele z masivu jsou toti\u017e v dne\u0161n\u00ed dob\u011b velice obl\u00edben\u00e9, vypadaj\u00ed naprosto skv\u011ble a mohou v\u017edy nab\u00eddnout opravdu v\u00fdbornou mo\u017enost odpo\u010dinku. V takov\u00e9 posteli se v\u017edy skute\u010dn\u011b dob\u0159e vysp\u00edte a po\u0159\u00e1dn\u011b si odpo\u010dinete, a proto nev\u00e1hejte a vyberte si takovou, se kterou budete spokojeni, a kter\u00e1 bude vyhovovat v\u0161em Va\u0161im pot\u0159eb\u00e1m a po\u017eadavk\u016fm.&#13; &#13; &#13; &#13; V\u017edy tedy dbejte na to, aby byla Va\u0161e lo\u017enice vybaven\u00e1 podle Va\u0161ich p\u0159edstav, a Vy jste se v n\u00ed c\u00edtili opravdu dob\u0159e a p\u0159\u00edjemn\u011b. Je to p\u0159eci jenom velice d\u016fle\u017eit\u00e9.&#13;                                                                                                                                                                                                                                                                                                                                                                                        3.8\/5 - (13 votes)        "},{"@context":"https:\/\/schema.org\/","@type":"BreadcrumbList","itemListElement":[{"@type":"ListItem","position":1,"name":"Aby se V\u00e1m v\u017edy dob\u0159e spalo","item":"https:\/\/www.cyclura.cz\/aby-se-vam-vzdy-dobre-spalo\/#breadcrumbitem"}]}]