[{"@context":"https:\/\/schema.org\/","@type":"Article","@id":"https:\/\/www.cyclura.cz\/obleceni-pro-vsechny\/#Article","mainEntityOfPage":"https:\/\/www.cyclura.cz\/obleceni-pro-vsechny\/","headline":"Oble\u010den\u00ed pro v\u0161echny","name":"Oble\u010den\u00ed pro v\u0161echny","description":"Tak\u00e9 jste velc\u00ed sportovn\u00ed nad\u0161enci a tak\u00e9 jezd\u00edte r\u00e1di na kole, stejn\u011b jako j\u00e1? \u0158eknu v\u00e1m, \u017ee kdy\u017e jsem poprv\u00e9 usedla opravdu na kvalitn\u00ed kolo, kter\u00e9 mi po\u0159\u00eddil m\u016fj partner, tak jsem byla velice&#46;&#46;&#46;","datePublished":"2023-10-14","dateModified":"2024-04-23","author":{"@type":"Person","@id":"https:\/\/www.cyclura.cz\/author\/#Person","name":"cyclura.cz\n","url":"https:\/\/www.cyclura.cz\/author\/","identifier":1,"image":{"@type":"ImageObject","@id":"https:\/\/secure.gravatar.com\/avatar\/8e6cbe5510d042e6a0b15162e198f2fd22eed76a4b5a1734d2174c652daccabc?s=96&d=mm&r=g","url":"https:\/\/secure.gravatar.com\/avatar\/8e6cbe5510d042e6a0b15162e198f2fd22eed76a4b5a1734d2174c652daccabc?s=96&d=mm&r=g","height":96,"width":96}},"publisher":{"@type":"Organization","name":"cyclura.cz","logo":{"@type":"ImageObject","@id":"\/logo.png","url":"\/logo.png","width":600,"height":60}},"image":{"@type":"ImageObject","@id":"https:\/\/www.cyclura.cz\/wp-content\/uploads\/teddy-bear-567952_1280_2.jpg","url":"https:\/\/www.cyclura.cz\/wp-content\/uploads\/teddy-bear-567952_1280_2.jpg","height":0,"width":0},"url":"https:\/\/www.cyclura.cz\/obleceni-pro-vsechny\/","wordCount":408,"articleBody":"   Tak\u00e9 jste velc\u00ed sportovn\u00ed nad\u0161enci a tak\u00e9 jezd\u00edte r\u00e1di na kole, stejn\u011b jako j\u00e1? \u0158eknu v\u00e1m, \u017ee kdy\u017e jsem poprv\u00e9 usedla opravdu na kvalitn\u00ed kolo, kter\u00e9 mi po\u0159\u00eddil m\u016fj partner, tak jsem byla velice nad\u0161en\u00e1. Jo, j\u00e1 jsem sice tedy opravdu cel\u00fd \u017eivot snila o elektrokolu, ale partner mi po\u0159\u00eddil n\u011bjak\u00e9 hodn\u011b sportovn\u00ed kolo, za kter\u00e9 dal sedmdes\u00e1t p\u011bt tis\u00edc korun. I on si po\u0159\u00eddil takhle extra drah\u00e9 kolo. J\u00e1 sama jsem si \u0159\u00edkala, \u017ee bych m\u011bla dokonce strach i na tomhle kole jezdit. M\u011bla bych strach a obavy, \u017ee t\u0159eba na to kolo sednu a ono se pode mnou n\u011bjak rozpadne. Samoz\u0159ejm\u011b \u017ee jsem \u0161t\u00edhl\u00e1 a tohle by se v\u016fbec nestalo, ale jakmile jsem se dozv\u011bd\u011bla, \u017ee tohle bylo velice drah\u00e9 kolo, tak jsem si \u0159ekla, \u017ee vlastn\u011b to bude \u00fapln\u00e1 \u0161koda, kdybych na tom jezdila, m\u011bla bych opravdu strach, \u017ee bych to n\u011bjak zni\u010dila a v\u016fbec nev\u00edm, co by tak\u00e9 d\u011blal partner. Partner se tak\u00e9 rozhodl, \u017ee po\u0159\u00edd\u00ed opravdu kvalitn\u00ed cyklo oble\u010den\u00ed a hlavn\u011b cyklokalhoty. To j\u00e1 jsem tak\u00e9 cht\u011bla cyklo dres, ale partner si po\u0159\u00eddil cyklo kalhoty. \u0158eknu v\u00e1m, \u017ee kvalitn\u00ed zna\u010dka silvini rango je opravdu kvalitn\u00ed a je opravdu nadstandardem, ne\u017e kter\u00fd jsem o\u010dek\u00e1vala. Pokud i vy hled\u00e1te kvalitn\u00ed cyklo oble\u010den\u00ed anebo cyklo kalhoty, tak zna\u010dka silvini rango bude pro v\u00e1s naprosto ide\u00e1ln\u00ed. Mn\u011b se na tomhle tak\u00e9 l\u00edbilo, \u017ee silvini rango nen\u00ed v\u016fbec tak moc drah\u00e9, jak jsem si myslela. Tato zna\u010dka sportovn\u00edho oble\u010den\u00ed je opravdu kr\u00e1sn\u00e1, je z kvalitn\u00edch materi\u00e1l\u016f a vy se v\u016fbec nemus\u00edte b\u00e1t, \u017ee by v\u00e1s t\u0159eba oble\u010den\u00ed n\u011bkde tla\u010dilo anebo \u0161kr\u00e1balo. V\u011b\u0159te mi, \u017ee je to velice nep\u0159\u00edjemn\u00e9. Pokud si n\u011bkde se\u017eenete n\u011bjak\u00e9 oble\u010den\u00ed a potom je to velice nep\u0159\u00edjemn\u00e9 anebo si v tom poc\u00edt\u00edte, \u017ee v\u00e1s potom tak\u00e9 \u0161t\u00edpe cel\u00e9 t\u011blo a \u0161kr\u00e1be v\u00e1s z k\u016f\u017ee, tohle se mi stalo jednou, kdy\u017e jsem jezdila na koni. A po\u0159\u00eddila jsem si od kamar\u00e1dky na kvalitn\u00ed dres a potom to bylo velice nep\u0159\u00edjemn\u00e9, proto\u017ee m\u011b \u0161t\u00edpalo cel\u00e9 t\u011blo.                                                                                                                                                                                                                                                                                                                                                                                           4\/5 - (7 votes)        "},{"@context":"https:\/\/schema.org\/","@type":"BreadcrumbList","itemListElement":[{"@type":"ListItem","position":1,"name":"Oble\u010den\u00ed pro v\u0161echny","item":"https:\/\/www.cyclura.cz\/obleceni-pro-vsechny\/#breadcrumbitem"}]}]