[{"@context":"https:\/\/schema.org\/","@type":"Article","@id":"https:\/\/www.cyclura.cz\/uchovani-prvnich-vzpominek\/#Article","mainEntityOfPage":"https:\/\/www.cyclura.cz\/uchovani-prvnich-vzpominek\/","headline":"Uchov\u00e1n\u00ed prvn\u00edch vzpom\u00ednek","name":"Uchov\u00e1n\u00ed prvn\u00edch vzpom\u00ednek","description":"P\u0159ed narozen\u00edm d\u00edt\u011bte si mnoho budouc\u00edch rodi\u010d\u016f d\u011bl\u00e1 seznam, co je pot\u0159eba nakoupit. Z\u00e1kladn\u00ed v\u00fdbavi\u010dka je jist\u011b nezbytn\u00e1, proto jako prvn\u00ed b\u00fdv\u00e1 nakupov\u00e1no oble\u010den\u00ed, post\u00fdlka, ko\u010d\u00e1rek, vani\u010dka, p\u0159ebalovac\u00ed pult, plenky a tak d\u00e1le a&#46;&#46;&#46;","datePublished":"2016-09-29","dateModified":"2023-05-05","author":{"@type":"Person","@id":"https:\/\/www.cyclura.cz\/author\/#Person","name":"cyclura.cz\n","url":"https:\/\/www.cyclura.cz\/author\/","identifier":1,"image":{"@type":"ImageObject","@id":"https:\/\/secure.gravatar.com\/avatar\/8e6cbe5510d042e6a0b15162e198f2fd22eed76a4b5a1734d2174c652daccabc?s=96&d=mm&r=g","url":"https:\/\/secure.gravatar.com\/avatar\/8e6cbe5510d042e6a0b15162e198f2fd22eed76a4b5a1734d2174c652daccabc?s=96&d=mm&r=g","height":96,"width":96}},"publisher":{"@type":"Organization","name":"cyclura.cz","logo":{"@type":"ImageObject","@id":"\/logo.png","url":"\/logo.png","width":600,"height":60}},"image":{"@type":"ImageObject","@id":"https:\/\/cyclura.cz\/wp-content\/uploads\/img_a295003_w2324_t1506676371.jpg","url":"https:\/\/cyclura.cz\/wp-content\/uploads\/img_a295003_w2324_t1506676371.jpg","height":"","width":""},"url":"https:\/\/www.cyclura.cz\/uchovani-prvnich-vzpominek\/","about":["Neza\u0159azen\u00e9"],"wordCount":548,"articleBody":"P\u0159ed narozen\u00edm d\u00edt\u011bte si mnoho budouc\u00edch rodi\u010d\u016f d\u011bl\u00e1 seznam, co je pot\u0159eba nakoupit. Z\u00e1kladn\u00ed v\u00fdbavi\u010dka je jist\u011b nezbytn\u00e1, proto jako prvn\u00ed b\u00fdv\u00e1 nakupov\u00e1no oble\u010den\u00ed, post\u00fdlka, ko\u010d\u00e1rek, vani\u010dka, p\u0159ebalovac\u00ed pult, plenky a tak d\u00e1le a tak d\u00e1le. V\u011bt\u0161inou se jedn\u00e1 o ryze praktick\u00e9 v\u011bci, kter\u00e9 jsou nezbytn\u011b d\u016fle\u017eit\u00e9 pro pohodl\u00ed a zdrav\u00ed d\u00edt\u011bte.&#13; &#13; Ne nezbytnou, ale vhodnou a \u010dasto n\u00e1sledn\u011b velmi obl\u00edbenou v\u011bc\u00ed, kter\u00e1 se d\u00e1 tak\u00e9 p\u0159ed nebo kr\u00e1tce po narozen\u00ed miminka po\u0159\u00eddit, je takzvan\u00fd den\u00ed\u010dek na\u0161eho d\u011b\u0165\u00e1tka. Je to kniha, do kter\u00e9 lze zapisovat ve\u0161ker\u00e9 d\u016fle\u017eit\u00e9 okam\u017eiky a z\u00e1\u017eitky z prvn\u00edch dn\u016f a m\u011bs\u00edc\u016f s t\u00edm nejdra\u017e\u0161\u00edm, co v\u00e1s v \u017eivot\u011b potkalo.&#13; &#13; Kr\u00e1tce po narozen\u00ed si v\u011bt\u0161ina rodi\u010d\u016f dob\u0159e pamatuje m\u00edry d\u00edt\u011bte, jeho p\u0159\u00edchod na sv\u011bt a prvn\u00ed hodiny v jeho p\u0159\u00edtomnosti. Jakmile d\u00edtko roste a rozv\u00edj\u00ed se jeho dovednosti, p\u0159ib\u00fdv\u00e1 nov\u00fdch z\u00e1\u017eitk\u016f a v\u0161e se postupn\u011b sl\u00e9v\u00e1. Kdy\u017e se k tomu p\u0159id\u00e1 p\u00e1r let, za\u010dnou se d\u0159\u00edve z\u0159eteln\u00e9 v\u011bci st\u00e1vat mlhav\u00fdmi. Je to velk\u00e1 \u0161koda, a proto se ur\u010dit\u011b vyplat\u00ed v\u0161e d\u016fkladn\u011b zaznamenat a uchovat jak pro d\u00edt\u011b samotn\u00e9 do jeho dosp\u011blosti, tak jako vzpom\u00ednky pro rodi\u010de.&#13; &#13; Den\u00ed\u010dek je cenn\u00fd nejen proto, \u017ee jsou v n\u011bm zaznamen\u00e1ny v\u0161echny z\u00e1kladn\u00ed a dal\u0161\u00ed d\u016fle\u017eit\u00e9 informace a \u00fadaje o d\u00edt\u011bti, ale je dopln\u011bn tak\u00e9 zaj\u00edmav\u00fdmi post\u0159ehy rodi\u010d\u016f a fotografiemi.&#13; &#13; K sehn\u00e1n\u00ed je spousta verz\u00ed t\u00e9to kn\u00ed\u017eky, jsou zvl\u00e1\u0161\u0165 pro chlape\u010dky a pro hol\u010di\u010dky, n\u011bkter\u00e9 obsahuj\u00ed m\u00edsta pro nalepen\u00ed tematick\u00fdch fotografi\u00ed, jin\u00e9 jsou zase dopln\u011bny prostorem pro otisk no\u017eky, maj\u00ed ob\u00e1lku na prvn\u00ed vl\u00e1sky, zoubek a podobn\u011b. K n\u011bkter\u00fdm lze p\u0159ipevnit i flash disk s fotografiemi nebo videoz\u00e1znamy d\u00edt\u011bte.&#13; Knihu lze objednat v internetov\u00fdch obchodech nebo ji naleznete, s mo\u017enost\u00ed nahl\u00e9dnut\u00ed, i v knihkupectv\u00edch. Cena se pr\u016fm\u011brn\u011b pohybuje okolo dvou set korun.&#13; Z\u00e1sadn\u011b je kniha \u010dlen\u011bna do n\u011bkolika kapitol, kdy \u00favod tvo\u0159\u00ed informace o narozen\u00ed d\u00edtka, jeho rodi\u010d\u00edch a dal\u0161\u00edch rodinn\u00fdch p\u0159\u00edslu\u0161n\u00edc\u00edch. N\u00e1sledn\u011b b\u00fdv\u00e1 kniha rozd\u011blena po m\u011bs\u00edc\u00edch, n\u011bkdy po dvou. Jsou zde d\u00e1le kapitoly o zdravotn\u00edm stavu, l\u00e9ka\u0159sk\u00fdch prohl\u00eddk\u00e1ch a o\u010dkov\u00e1n\u00edch, o prvn\u00edch z\u00e1\u017eitc\u00edch, dovolen\u00e9, v\u00fdletech a n\u00e1v\u0161t\u011bv\u00e1ch. Zejm\u00e9na je zde dostatek prostoru k zaznamen\u00e1n\u00ed v\u0161ech z\u00e1sadn\u00edch pokrok\u016f a nov\u00fdch dovednost\u00ed d\u011b\u0165\u00e1tka. V\u011bt\u0161inou b\u00fdv\u00e1 ukon\u010dena prvn\u00edmi narozeninami.&#13; &#13; \u010cas plyne velmi rychle a z nemluvn\u011bte bude zanedlouho mlad\u00fd dosp\u011bl\u00e1k, knihu mu pak m\u016f\u017eete s cenn\u00fdmi vzpom\u00ednkami p\u0159edat, nebo si ji uchovat pro sebe na pam\u00e1tku.&#13;                                                                                                                                                                                                                                                                                                                                                                                         4.8\/5 - (6 votes)        "},{"@context":"https:\/\/schema.org\/","@type":"BreadcrumbList","itemListElement":[{"@type":"ListItem","position":1,"name":"Uchov\u00e1n\u00ed prvn\u00edch vzpom\u00ednek","item":"https:\/\/www.cyclura.cz\/uchovani-prvnich-vzpominek\/#breadcrumbitem"}]}]